{"id":1745,"date":"2014-05-23T11:00:10","date_gmt":"2014-05-23T09:00:10","guid":{"rendered":"http:\/\/weblog.xn--reisefdli-v9a.ch\/blog\/?p=1745"},"modified":"2025-03-01T12:14:24","modified_gmt":"2025-03-01T11:14:24","slug":"lenakel","status":"publish","type":"post","link":"https:\/\/www.xn--reisefdli-v9a.ch\/?p=1745","title":{"rendered":"Lenakel"},"content":{"rendered":"<p>Unser Flugi morgen wird um 08:15 Uhr starten. Oder sp\u00e4ter oder fr\u00fcher. Das heisst, wir m\u00fcssen zeitig am Flugplatz sein. Das wiederum heisst, dass morgen kaum Zeit f\u00fcr Fr\u00fchst\u00fcck sein wird und so ist unser heutiges Tagesziel lediglich unser Reiseproviant etwas aufzustocken. Baden kann man hier ja eh nicht.<br \/>\nWir spazieren die zwei km zun\u00e4chst dem &#171;Strand&#187;, dann der &#171;Strasse&#187; entlang.<\/p>\n<p><a href=\"https:\/\/www.xn--reisefdli-v9a.ch\/wp-content\/uploads\/2014\/05\/20140525-161330-58410693.jpg\"><img decoding=\"async\" src=\"https:\/\/www.xn--reisefdli-v9a.ch\/wp-content\/uploads\/2014\/05\/20140525-161330-58410693.jpg\" alt=\"20140525-161330-58410693.jpg\" class=\"alignnone size-full\" \/><\/a><\/p>\n<p>Ausserdem ist Markttag in Lenakel und ein Frachtschiff hat dort ebenfalls angelegt. Das Dorf ist darum ziemlich &#171;busy&#187;. Viele Pickups wirbeln viel Staub auf.<\/p>\n<p><a href=\"https:\/\/www.xn--reisefdli-v9a.ch\/wp-content\/uploads\/2014\/05\/20140525-155110-57070604.jpg\"><img decoding=\"async\" src=\"https:\/\/www.xn--reisefdli-v9a.ch\/wp-content\/uploads\/2014\/05\/20140525-155110-57070604.jpg\" alt=\"20140525-155110-57070604.jpg\" class=\"alignnone size-full\" \/><\/a><\/p>\n<p><a href=\"https:\/\/www.xn--reisefdli-v9a.ch\/wp-content\/uploads\/2014\/05\/20140525-155111-57071458.jpg\"><img decoding=\"async\" src=\"https:\/\/www.xn--reisefdli-v9a.ch\/wp-content\/uploads\/2014\/05\/20140525-155111-57071458.jpg\" alt=\"20140525-155111-57071458.jpg\" class=\"alignnone size-full\" \/><\/a><\/p>\n<p>Wir w\u00fcrden gerne noch den &#171;Giant Banyan Tree&#187;, einen riesengrossen Banyan-Baum anschauen gehen, der die Fl\u00e4che eines ganzen Fussbalfeldes \u00fcberspannen solle, aber das Interesse uns dorthin zu fahren, ist sehr gering und darum werden nur massiv \u00fcberteuerte Angebote gemacht.<br \/>\nSo kappern wir einen Minibus, der uns zur\u00fcckbringt. Am Zugang zu unserem Bungalow-D\u00f6rfchen befindet sich noch eine &#171;Kaffee-Fabrik&#187;.<br \/>\nIn Tanna wird der ber\u00fchmte &#171;Tanna-Kaffee&#187; angebaut. Die Jahresproduktion liegt bei etwa 80 Tonnen. In der &#171;Fabrik&#187; hier werden die Bohnen herausgesch\u00e4lt und getrocknet. Ger\u00f6stet werden sie aber in Port Vila.<\/p>\n<p><a href=\"https:\/\/www.xn--reisefdli-v9a.ch\/wp-content\/uploads\/2014\/05\/20140525-155529-57329271.jpg\"><img decoding=\"async\" src=\"https:\/\/www.xn--reisefdli-v9a.ch\/wp-content\/uploads\/2014\/05\/20140525-155529-57329271.jpg\" alt=\"20140525-155529-57329271.jpg\" class=\"alignnone size-full\" \/><\/a><\/p>\n<p><a href=\"https:\/\/www.xn--reisefdli-v9a.ch\/wp-content\/uploads\/2014\/05\/20140525-155550-57350372.jpg\"><img decoding=\"async\" src=\"https:\/\/www.xn--reisefdli-v9a.ch\/wp-content\/uploads\/2014\/05\/20140525-155550-57350372.jpg\" alt=\"20140525-155550-57350372.jpg\" class=\"alignnone size-full\" \/><\/a><\/p>\n<p>Und zum Abschluss suchen wir heute wieder Muscheln am Strand, der eigentlich keiner ist.<\/p>\n<p><a href=\"https:\/\/www.xn--reisefdli-v9a.ch\/wp-content\/uploads\/2014\/05\/20140525-155922-57562642.jpg\"><img decoding=\"async\" src=\"https:\/\/www.xn--reisefdli-v9a.ch\/wp-content\/uploads\/2014\/05\/20140525-155922-57562642.jpg\" alt=\"20140525-155922-57562642.jpg\" class=\"alignnone size-full\" \/><\/a><\/p>\n<p>Immerhin d\u00fcrfen wir einen sch\u00f6nen Sonnenuntergang erleben.<\/p>\n<p><a href=\"https:\/\/www.xn--reisefdli-v9a.ch\/wp-content\/uploads\/2014\/05\/20140525-160043-57643142.jpg\"><img decoding=\"async\" src=\"https:\/\/www.xn--reisefdli-v9a.ch\/wp-content\/uploads\/2014\/05\/20140525-160043-57643142.jpg\" alt=\"20140525-160043-57643142.jpg\" class=\"alignnone size-full\" \/><\/a><\/p>\n","protected":false},"excerpt":{"rendered":"<p>Unser Flugi morgen wird um 08:15 Uhr starten. Oder sp\u00e4ter oder fr\u00fcher. Das heisst, wir m\u00fcssen zeitig am Flugplatz sein. Das wiederum heisst, dass morgen kaum Zeit f\u00fcr Fr\u00fchst\u00fcck sein wird und so ist unser heutiges Tagesziel lediglich unser Reiseproviant &hellip; <a href=\"https:\/\/www.xn--reisefdli-v9a.ch\/?p=1745\">Continue reading <span class=\"meta-nav\">&rarr;<\/span><\/a><\/p>\n","protected":false},"author":1,"featured_media":0,"comment_status":"closed","ping_status":"closed","sticky":false,"template":"","format":"standard","meta":{"footnotes":""},"categories":[1],"tags":[],"class_list":["post-1745","post","type-post","status-publish","format-standard","hentry","category-allgemein"],"_links":{"self":[{"href":"https:\/\/www.xn--reisefdli-v9a.ch\/index.php?rest_route=\/wp\/v2\/posts\/1745","targetHints":{"allow":["GET"]}}],"collection":[{"href":"https:\/\/www.xn--reisefdli-v9a.ch\/index.php?rest_route=\/wp\/v2\/posts"}],"about":[{"href":"https:\/\/www.xn--reisefdli-v9a.ch\/index.php?rest_route=\/wp\/v2\/types\/post"}],"author":[{"embeddable":true,"href":"https:\/\/www.xn--reisefdli-v9a.ch\/index.php?rest_route=\/wp\/v2\/users\/1"}],"replies":[{"embeddable":true,"href":"https:\/\/www.xn--reisefdli-v9a.ch\/index.php?rest_route=%2Fwp%2Fv2%2Fcomments&post=1745"}],"version-history":[{"count":1,"href":"https:\/\/www.xn--reisefdli-v9a.ch\/index.php?rest_route=\/wp\/v2\/posts\/1745\/revisions"}],"predecessor-version":[{"id":2650,"href":"https:\/\/www.xn--reisefdli-v9a.ch\/index.php?rest_route=\/wp\/v2\/posts\/1745\/revisions\/2650"}],"wp:attachment":[{"href":"https:\/\/www.xn--reisefdli-v9a.ch\/index.php?rest_route=%2Fwp%2Fv2%2Fmedia&parent=1745"}],"wp:term":[{"taxonomy":"category","embeddable":true,"href":"https:\/\/www.xn--reisefdli-v9a.ch\/index.php?rest_route=%2Fwp%2Fv2%2Fcategories&post=1745"},{"taxonomy":"post_tag","embeddable":true,"href":"https:\/\/www.xn--reisefdli-v9a.ch\/index.php?rest_route=%2Fwp%2Fv2%2Ftags&post=1745"}],"curies":[{"name":"wp","href":"https:\/\/api.w.org\/{rel}","templated":true}]}}