{"id":475,"date":"2013-09-17T15:45:17","date_gmt":"2013-09-17T13:45:17","guid":{"rendered":"http:\/\/weblog.xn--reisefdli-v9a.ch\/blog\/?p=475"},"modified":"2025-03-01T12:31:53","modified_gmt":"2025-03-01T11:31:53","slug":"mallorca-checkin","status":"publish","type":"post","link":"https:\/\/www.xn--reisefdli-v9a.ch\/?p=475","title":{"rendered":"Mallorca Check-In"},"content":{"rendered":"<p>Hola compag\u00f1eros<\/p>\n<p>So sind wir nach fr\u00fchem Aufstehen und langer Reise in Palma de Malorca angekommen. Aber wo sind unsere Rucks\u00e4cke? Haben die das Umsteigen in Madrid verpasst. Nein, aber die mussten, im Gegensatz zu uns, durch den Zoll. Somit haben wir entweder den Durchgang verpasst, oder es ist normal, dass man von Z\u00fcrich kommend von &#171;hinten&#187; zu den Z\u00f6llnern darf oder muss. Anyway, unser Gep\u00e4ck war da.<br \/>\nErste H\u00fcrde geschafft.<\/p>\n<p>Obwohl wir auf keinerlei Transferliste figurierten, wurden wir dank unseres Vouchers dennoch zu unserem Hotel gebracht. Das war so etwa das drittletzte auf der Tour des Busses.<br \/>\nZweite H\u00fcrde geschafft.<\/p>\n<p>Das Hotel lag jedoch nicht da, wo wir es vermuteten, bzw. wo wir gebucht hatten. Auf dem Hotelvoucher stand ein anderes, als ich gew\u00e4hlt hatte auf der Webseite. Mein Fehler: ich habe schlecht kontrolliert. Aber bei 4 Iberostaren auf wenigen Kilometern ist das schnell passiert.<br \/>\nMacht aber alles nichts, denn keines der 4 Hotels hat auf uns gewartet. Dank unseres Vouchers wurden wir aber nicht im Regen stehen gelassen (dazu sp\u00e4ter mehr). Wir durften sogar w\u00e4hlen, wo wir hin wollen. Und wir w\u00e4hlten das Hotel, dass ich gebucht hatte, nahe dem Naturschutzgebiet. Ein Taxi hat uns dort hingebracht.<br \/>\nDritte H\u00fcrde geschafft.<\/p>\n<p>Angekommen, durften wir das Zimmer beziehen. Aber wir hatten M\u00fche, uns darin umzudrehen. Die Aussicht zeigte auf den Parkplatz. Dann wollten sie auch noch ein Bett f\u00fcr Lina reinquetschen, was wir dankend ablehnten. Wahrscheinlich h\u00e4tten wir es an die Wand stellen m\u00fcssen. Die Diskrepanz zwischen Erhaltenem und Gebuchten veranlasste mich, an der Rezeption meiner Ent\u00e4uschung Ausdruck zu verleihen. Dies wurde sehr schnell verstanden und so wurde uns ab der fogenden Nacht eine angemessene Behausung versprochen. Gestern sind wir dann umgezogen<br \/>\nund haben nun ein Familienappartement mit 2 R\u00e4umen, einer kleinen, offenen K\u00fcche und einem wirklich anst\u00e4ndigen Bad.<br \/>\nDie Sicht geht auf die Pool-Landschaft und auch das Meer k\u00f6nnen wir sehen. Die etwas laute Bar-Anlage ist auch nicht zu nahe.<br \/>\nIch w\u00fcrde sagen: Nun stimmt es! Wir sind zufrieden und gl\u00fccklich.<br \/>\nVierte H\u00fcrde geschafft.<\/p>\n<p>F\u00fcnfte H\u00fcrde:<br \/>\nWir warten auf die Sonne. Sie wurde uns f\u00fcr morgen versprochen.<br \/>\n<a href=\"https:\/\/www.xn--reisefdli-v9a.ch\/wp-content\/uploads\/2013\/09\/20130917-154503.xjpg\"><br \/>\n<img decoding=\"async\" class=\"alignnone size-full\" alt=\"20130917-154503.jpg\" src=\"https:\/\/www.xn--reisefdli-v9a.ch\/wp-content\/uploads\/2013\/09\/20130917-154503.jpg\" \/><\/a><\/p>\n<p>Das Personal war immer hilfsbereit und freundlich. Das war wirklich super! Das mit dem kleinen Zimmer lasse ich als Ausrutscher durchgehen.<br \/>\nDas Essen ist gut, die Auswahl gross.<br \/>\nWegen des Windes ist das Meer sehr wellig und Lina hat so eine richtige Ladung ins Gesicht erhalten, dass sie es nicht so lustig fand. Drum geniessen wir halt den Pool im Moment.<br \/>\nAber eben: mit Sonne w\u00e4re es angenehmer.<\/p>\n<p>Gestern haben wir ausserdem noch etwas lokale Luft geschnappt. Ein Ausflug ins Krankenhaus mit Lina, nachdem sie ungl\u00fccklich von der H\u00fcpfburg gefallen war. Auf den Hinterkopf. Sie bekam dann etwas Nasenbluten, was mir gar nicht gefiel. Wir brachten sie zum Arzt. Der gab erst mal Entwarnug aber schickte uns zur Sicherheit in die Pediatrie des lokalen Spitals.<br \/>\nDort gab es dann definive Entwarnung und wir gingen heim mit dem Auftrag, Lina dennoch im Auge zu behalten. Es geht ihr heute wirklich gut und wir hatten M\u00fche, sie wieder von der H\u00fcpfburg runterzuholen. Nicht rauflassen ging schon gar nicht. Zumindest h\u00fcpfte sie heute weiter hinten, wo sie nicht runterfallen konnte.<\/p>\n<p>So, das ist mein Reisebericht. Jetzt gibt es eine Schreibpause!<\/p>\n<p>Viele Gr\u00fcsse<br \/>\nThomas<\/p>\n","protected":false},"excerpt":{"rendered":"<p>Hola compag\u00f1eros So sind wir nach fr\u00fchem Aufstehen und langer Reise in Palma de Malorca angekommen. Aber wo sind unsere Rucks\u00e4cke? Haben die das Umsteigen in Madrid verpasst. Nein, aber die mussten, im Gegensatz zu uns, durch den Zoll. Somit &hellip; <a href=\"https:\/\/www.xn--reisefdli-v9a.ch\/?p=475\">Continue reading <span class=\"meta-nav\">&rarr;<\/span><\/a><\/p>\n","protected":false},"author":1,"featured_media":0,"comment_status":"closed","ping_status":"closed","sticky":false,"template":"","format":"standard","meta":{"footnotes":""},"categories":[1],"tags":[],"class_list":["post-475","post","type-post","status-publish","format-standard","hentry","category-allgemein"],"_links":{"self":[{"href":"https:\/\/www.xn--reisefdli-v9a.ch\/index.php?rest_route=\/wp\/v2\/posts\/475","targetHints":{"allow":["GET"]}}],"collection":[{"href":"https:\/\/www.xn--reisefdli-v9a.ch\/index.php?rest_route=\/wp\/v2\/posts"}],"about":[{"href":"https:\/\/www.xn--reisefdli-v9a.ch\/index.php?rest_route=\/wp\/v2\/types\/post"}],"author":[{"embeddable":true,"href":"https:\/\/www.xn--reisefdli-v9a.ch\/index.php?rest_route=\/wp\/v2\/users\/1"}],"replies":[{"embeddable":true,"href":"https:\/\/www.xn--reisefdli-v9a.ch\/index.php?rest_route=%2Fwp%2Fv2%2Fcomments&post=475"}],"version-history":[{"count":1,"href":"https:\/\/www.xn--reisefdli-v9a.ch\/index.php?rest_route=\/wp\/v2\/posts\/475\/revisions"}],"predecessor-version":[{"id":2701,"href":"https:\/\/www.xn--reisefdli-v9a.ch\/index.php?rest_route=\/wp\/v2\/posts\/475\/revisions\/2701"}],"wp:attachment":[{"href":"https:\/\/www.xn--reisefdli-v9a.ch\/index.php?rest_route=%2Fwp%2Fv2%2Fmedia&parent=475"}],"wp:term":[{"taxonomy":"category","embeddable":true,"href":"https:\/\/www.xn--reisefdli-v9a.ch\/index.php?rest_route=%2Fwp%2Fv2%2Fcategories&post=475"},{"taxonomy":"post_tag","embeddable":true,"href":"https:\/\/www.xn--reisefdli-v9a.ch\/index.php?rest_route=%2Fwp%2Fv2%2Ftags&post=475"}],"curies":[{"name":"wp","href":"https:\/\/api.w.org\/{rel}","templated":true}]}}