{"id":695,"date":"2014-04-04T05:47:32","date_gmt":"2014-04-04T03:47:32","guid":{"rendered":"http:\/\/weblog.xn--reisefdli-v9a.ch\/blog\/?p=695"},"modified":"2025-03-01T12:30:16","modified_gmt":"2025-03-01T11:30:16","slug":"rainy-day","status":"publish","type":"post","link":"https:\/\/www.xn--reisefdli-v9a.ch\/?p=695","title":{"rendered":"Rainy Day"},"content":{"rendered":"<p>Ein regnerischer Tag.<br \/>\nAls beinahe die Letzten, wie fast immer, verlassen wir den Campingplatz in Invercargill und machen uns auf den Weg, wieder Richtung Norden. Genauer gesagt, Richtung Nordwesten. Te Anau ist unser Ziel. Trotz der Bew\u00f6lkung beschliessen wir einen Umweg zu fahren, der ein St\u00fcck entlang der K\u00fcste verl\u00e4uft und von wo aus man einen sch\u00f6nen Blick auf Stewart Island werfen k\u00f6nne. Allerdings reicht unser Blick nicht ganz so weit an diesem Tag.<\/p>\n<p><a href=\"https:\/\/www.xn--reisefdli-v9a.ch\/wp-content\/uploads\/2014\/04\/20140404-164543.jpg\"><img decoding=\"async\" src=\"https:\/\/www.xn--reisefdli-v9a.ch\/wp-content\/uploads\/2014\/04\/20140404-164543.jpg\" alt=\"20140404-164543.jpg\" class=\"alignnone size-full\" \/><\/a><\/p>\n<p>F\u00fcr eine Weile verdunkelt sich der Himmel dramatisch, aber es handelt sich wohl bloss um eine Drohgeb\u00e4rde, was auf uns zukommen k\u00f6nnte. W\u00e4hrend der Fahrt regnet es streckenweise etwas, aber zum Gl\u00fcck nie sehr stark. Und so machen wir auch heute ab und zu einen kurzen Fotohalt.<\/p>\n<p><a href=\"https:\/\/www.xn--reisefdli-v9a.ch\/wp-content\/uploads\/2014\/04\/20140404-164621.jpg\"><img decoding=\"async\" src=\"https:\/\/www.xn--reisefdli-v9a.ch\/wp-content\/uploads\/2014\/04\/20140404-164621.jpg\" alt=\"20140404-164621.jpg\" class=\"alignnone size-full\" \/><\/a><\/p>\n<p>Letztendlich kommen wir aber zeitig in Te Anau an, kaufen noch ein paar Lebensmittel ein und verkriechen uns f\u00fcr den Rest des Nachmittags im Camper. Denn mittlerweile hat Dauerregen eingesetzt. Lina tummelt sich in Regenhose und Regenjacke noch etwas auf einem Piratenschiff rum.<\/p>\n<p>Die Wettervorhersage f\u00fcr die n\u00e4chsten Tage verspricht starke Besserung. Wir planen drei N\u00e4chte hier zu verbringen und mit zwei organisierten Touren die Region zu erkunden.<\/p>\n","protected":false},"excerpt":{"rendered":"<p>Ein regnerischer Tag. Als beinahe die Letzten, wie fast immer, verlassen wir den Campingplatz in Invercargill und machen uns auf den Weg, wieder Richtung Norden. Genauer gesagt, Richtung Nordwesten. Te Anau ist unser Ziel. Trotz der Bew\u00f6lkung beschliessen wir einen &hellip; <a href=\"https:\/\/www.xn--reisefdli-v9a.ch\/?p=695\">Continue reading <span class=\"meta-nav\">&rarr;<\/span><\/a><\/p>\n","protected":false},"author":1,"featured_media":0,"comment_status":"closed","ping_status":"closed","sticky":false,"template":"","format":"standard","meta":{"footnotes":""},"categories":[1],"tags":[],"class_list":["post-695","post","type-post","status-publish","format-standard","hentry","category-allgemein"],"_links":{"self":[{"href":"https:\/\/www.xn--reisefdli-v9a.ch\/index.php?rest_route=\/wp\/v2\/posts\/695","targetHints":{"allow":["GET"]}}],"collection":[{"href":"https:\/\/www.xn--reisefdli-v9a.ch\/index.php?rest_route=\/wp\/v2\/posts"}],"about":[{"href":"https:\/\/www.xn--reisefdli-v9a.ch\/index.php?rest_route=\/wp\/v2\/types\/post"}],"author":[{"embeddable":true,"href":"https:\/\/www.xn--reisefdli-v9a.ch\/index.php?rest_route=\/wp\/v2\/users\/1"}],"replies":[{"embeddable":true,"href":"https:\/\/www.xn--reisefdli-v9a.ch\/index.php?rest_route=%2Fwp%2Fv2%2Fcomments&post=695"}],"version-history":[{"count":1,"href":"https:\/\/www.xn--reisefdli-v9a.ch\/index.php?rest_route=\/wp\/v2\/posts\/695\/revisions"}],"predecessor-version":[{"id":2692,"href":"https:\/\/www.xn--reisefdli-v9a.ch\/index.php?rest_route=\/wp\/v2\/posts\/695\/revisions\/2692"}],"wp:attachment":[{"href":"https:\/\/www.xn--reisefdli-v9a.ch\/index.php?rest_route=%2Fwp%2Fv2%2Fmedia&parent=695"}],"wp:term":[{"taxonomy":"category","embeddable":true,"href":"https:\/\/www.xn--reisefdli-v9a.ch\/index.php?rest_route=%2Fwp%2Fv2%2Fcategories&post=695"},{"taxonomy":"post_tag","embeddable":true,"href":"https:\/\/www.xn--reisefdli-v9a.ch\/index.php?rest_route=%2Fwp%2Fv2%2Ftags&post=695"}],"curies":[{"name":"wp","href":"https:\/\/api.w.org\/{rel}","templated":true}]}}