{"id":797,"date":"2014-04-08T11:42:40","date_gmt":"2014-04-08T09:42:40","guid":{"rendered":"http:\/\/weblog.xn--reisefdli-v9a.ch\/blog\/?p=797"},"modified":"2025-03-01T12:26:06","modified_gmt":"2025-03-01T11:26:06","slug":"wandern-in-wanaka","status":"publish","type":"post","link":"https:\/\/www.xn--reisefdli-v9a.ch\/?p=797","title":{"rendered":"Wa-Wa: Wandern in Wanaka"},"content":{"rendered":"<p>Die Sonne steht schon am Himmel. Seit dem 6. April ist hier Winterzeit. (Der Unterschied zur Schweiz ist jetzt nur noch +10 Stunden.) Es wird also fr\u00fcher hell. Wir fahren nach dem Fr\u00fchst\u00fcck 17 km zum Ausgangspunkt unserer kleinen Wanderung, zum &#171;Diamond Lake&#187; und von dort weiter zum &#171;Lake Wanaka Outlook&#187;. Lina mochte getragen werden, aber mit etwas Ablenkung vergisst sie diesen Gedanken und wandert nun sch\u00f6n mit. Und es geht t\u00fcchtig bergauf. Nach 15 Minuten passieren wir bereits den Diamond Lake. Ein kleiner Bergsee, umrandet von Schilf und B\u00e4umen in wundersch\u00f6n Herbstfarben.<\/p>\n<p><a href=\"https:\/\/www.xn--reisefdli-v9a.ch\/wp-content\/uploads\/2014\/04\/20140409-231630.jpg\"><img decoding=\"async\" src=\"https:\/\/www.xn--reisefdli-v9a.ch\/wp-content\/uploads\/2014\/04\/20140409-231630.jpg\" alt=\"20140409-231630.jpg\" class=\"alignnone size-full\" \/><\/a><\/p>\n<p>Weiter bergauf kommen wir nach einer Weile zum ersten Aussichtspunkt, zur\u00fcck auf den Diamond Lake.<\/p>\n<p><a href=\"https:\/\/www.xn--reisefdli-v9a.ch\/wp-content\/uploads\/2014\/04\/20140408-2143021.jpg\"><img decoding=\"async\" src=\"https:\/\/www.xn--reisefdli-v9a.ch\/wp-content\/uploads\/2014\/04\/20140408-2143021.jpg\" alt=\"20140408-214302.jpg\" class=\"alignnone size-full\" \/><\/a><\/p>\n<p>Von da an geht es weniger steil der Bergflanke entlang langsam aufw\u00e4rts zum Lake Wanaka Lookout. Lina wandert immer noch t\u00fcchtig mit, was mich inzwischen erstaunt. Wir haben nun etwa 800 H\u00f6henmeter geschafft. Kurz vor dem Aussichtspunkt geht ihr aber nun doch die Luft aus. Es sind nur noch 200 flache Meter, und dort winkt eine gr\u00f6ssere Pause und das Versprechen, danach getragen zu werden. Das reicht zur Motivation aus.<\/p>\n<p><a href=\"https:\/\/www.xn--reisefdli-v9a.ch\/wp-content\/uploads\/2014\/04\/20140408-2143454.jpg\"><img decoding=\"async\" src=\"https:\/\/www.xn--reisefdli-v9a.ch\/wp-content\/uploads\/2014\/04\/20140408-2143454.jpg\" alt=\"20140408-214345.jpg\" class=\"alignnone size-full\" \/><\/a><\/p>\n<p>Die Aussicht ist \u00fcberw\u00e4ltigend.<\/p>\n<p><a href=\"https:\/\/www.xn--reisefdli-v9a.ch\/wp-content\/uploads\/2014\/04\/20140408-2143552.jpg\"><img decoding=\"async\" src=\"https:\/\/www.xn--reisefdli-v9a.ch\/wp-content\/uploads\/2014\/04\/20140408-2143552.jpg\" alt=\"20140408-214355.jpg\" class=\"alignnone size-full\" \/><\/a><\/p>\n<p>Der Plan ist, noch weiter aufzusteigen, auf den Gipfel &#171;Rocky Mountain&#187; genannt. Lina sitzt nun in der Kindertrage und geniesst die Aussicht. Aus ihr sprudeln Gedanken, Weisheiten und Fragen. Ich keuche derweil einen Zickzagweg hinauf. Mit insgesamt 20 Kilo auf dem R\u00fccken geht so ein Aufstieg ziemlich in die Beine. Mir wird klar, dass es so nicht zu schaffen ist, zumal ich bei jedem Tritt noch aufpassen muss, die Balance nicht zu verlieren. Wir drehen um und wandern \u00fcber einen Sattel auf die andere Seite des Berges und beginnen dort mit dem Abstieg. Auch der hat es in sich. Steil und etwas rutschig muss ich mich h\u00f6llisch bei jedem Schritt konzentrieren, und dabei Lina noch dies und das erkl\u00e4ren.<br \/>\nNach insgesamt etwa 5 Stunden kommen wir wieder bei unserem Campervan an. Aber es hat sich wirklich gelohnt.<\/p>\n<p>Wir fahren zur\u00fcck nach Wanaka und machen dort noch einen Fotohalt, um die Herbsstimmung etwas einzufangen.<\/p>\n<p><a href=\"http:\/\/weblog.xn--reisefdli-v9a.ch\/blog\/wp-content\/uploads\/2014\/04\/2014040Die Aussicht ist \u00fcberw\u00e4ltigend.8-2144033.jpg\"><img decoding=\"async\" src=\"https:\/\/www.xn--reisefdli-v9a.ch\/wp-content\/uploads\/2014\/04\/20140408-2144033.jpg\" alt=\"20140408-214403.jpg\" class=\"alignnone size-full\" \/><\/a><\/p>\n<p>Vom Campingplatz aus besuchen Lina und ich noch einen neuen Freund und Lina verf\u00fcttert ihm einen kleinen Leckerbissen.<\/p>\n<p><a href=\"https:\/\/www.xn--reisefdli-v9a.ch\/wp-content\/uploads\/2014\/04\/20140408-2144133.jpg\"><img decoding=\"async\" src=\"https:\/\/www.xn--reisefdli-v9a.ch\/wp-content\/uploads\/2014\/04\/20140408-2144133.jpg\" alt=\"20140408-214413.jpg\" class=\"alignnone size-full\" \/><\/a><\/p>\n","protected":false},"excerpt":{"rendered":"<p>Die Sonne steht schon am Himmel. Seit dem 6. April ist hier Winterzeit. (Der Unterschied zur Schweiz ist jetzt nur noch +10 Stunden.) Es wird also fr\u00fcher hell. Wir fahren nach dem Fr\u00fchst\u00fcck 17 km zum Ausgangspunkt unserer kleinen Wanderung, &hellip; <a href=\"https:\/\/www.xn--reisefdli-v9a.ch\/?p=797\">Continue reading <span class=\"meta-nav\">&rarr;<\/span><\/a><\/p>\n","protected":false},"author":1,"featured_media":0,"comment_status":"closed","ping_status":"closed","sticky":false,"template":"","format":"standard","meta":{"footnotes":""},"categories":[1],"tags":[],"class_list":["post-797","post","type-post","status-publish","format-standard","hentry","category-allgemein"],"_links":{"self":[{"href":"https:\/\/www.xn--reisefdli-v9a.ch\/index.php?rest_route=\/wp\/v2\/posts\/797","targetHints":{"allow":["GET"]}}],"collection":[{"href":"https:\/\/www.xn--reisefdli-v9a.ch\/index.php?rest_route=\/wp\/v2\/posts"}],"about":[{"href":"https:\/\/www.xn--reisefdli-v9a.ch\/index.php?rest_route=\/wp\/v2\/types\/post"}],"author":[{"embeddable":true,"href":"https:\/\/www.xn--reisefdli-v9a.ch\/index.php?rest_route=\/wp\/v2\/users\/1"}],"replies":[{"embeddable":true,"href":"https:\/\/www.xn--reisefdli-v9a.ch\/index.php?rest_route=%2Fwp%2Fv2%2Fcomments&post=797"}],"version-history":[{"count":1,"href":"https:\/\/www.xn--reisefdli-v9a.ch\/index.php?rest_route=\/wp\/v2\/posts\/797\/revisions"}],"predecessor-version":[{"id":2677,"href":"https:\/\/www.xn--reisefdli-v9a.ch\/index.php?rest_route=\/wp\/v2\/posts\/797\/revisions\/2677"}],"wp:attachment":[{"href":"https:\/\/www.xn--reisefdli-v9a.ch\/index.php?rest_route=%2Fwp%2Fv2%2Fmedia&parent=797"}],"wp:term":[{"taxonomy":"category","embeddable":true,"href":"https:\/\/www.xn--reisefdli-v9a.ch\/index.php?rest_route=%2Fwp%2Fv2%2Fcategories&post=797"},{"taxonomy":"post_tag","embeddable":true,"href":"https:\/\/www.xn--reisefdli-v9a.ch\/index.php?rest_route=%2Fwp%2Fv2%2Ftags&post=797"}],"curies":[{"name":"wp","href":"https:\/\/api.w.org\/{rel}","templated":true}]}}